[{"@context":"https:\/\/schema.org\/","@type":"Article","@id":"https:\/\/www.biofrog.cz\/biela-zima-farebny-stromcek-vela-priani\/#Article","mainEntityOfPage":"https:\/\/www.biofrog.cz\/biela-zima-farebny-stromcek-vela-priani\/","headline":"Biela zima, farebn\u00fd strom\u010dek, ve\u013ea prian\u00ed","name":"Biela zima, farebn\u00fd strom\u010dek, ve\u013ea prian\u00ed","description":"U\u017e m\u00e1te upe\u010den\u00e9 pern\u00ed\u010dky a\u00a0nak\u00fapen\u00e9 dar\u010deky? Vonia vo va\u0161ej dom\u00e1cnosti \u0161korica a\u00a0v\u00a0krbe prask\u00e1 ohe\u0148? Tak si m\u00f4\u017eete v\u00a0takto pr\u00edjemnom prostred\u00ed za\u010da\u0165 vybera\u0165 novoro\u010denky 2016. Ak\u00e9 ste sa rozhodli posla\u0165 tieto Vianoce? Nech\u00e1te sa unies\u0165 jednoduchos\u0165ou alebo povol\u00edte uzdu fant\u00e1zii? Zo v\u0161etk\u00e9ho najd\u00f4le\u017eitej\u0161ie je, \u017ee ste sa rozhodli pre ob\u00e1lkov\u00fa verziu a\u00a0aspo\u0148 na chv\u00ed\u013eu odlo\u017e\u00edte mobiln\u00e9 &hellip;","datePublished":"2024-10-29","dateModified":"2024-10-29","author":{"@type":"Person","@id":"https:\/\/www.biofrog.cz\/author\/#Person","name":"","url":"https:\/\/www.biofrog.cz\/author\/","identifier":1,"image":{"@type":"ImageObject","@id":"https:\/\/secure.gravatar.com\/avatar\/f5ad5dcd5c02ecc0fdaf1fe4b2e9a39ad5c5cc2b614885090f6f77b1ccabb3a9?s=96&d=mm&r=g","url":"https:\/\/secure.gravatar.com\/avatar\/f5ad5dcd5c02ecc0fdaf1fe4b2e9a39ad5c5cc2b614885090f6f77b1ccabb3a9?s=96&d=mm&r=g","height":96,"width":96}},"publisher":{"@type":"Organization","name":"biofrog.cz","logo":{"@type":"ImageObject","@id":"\/logo.png","url":"\/logo.png","width":600,"height":60}},"url":"https:\/\/www.biofrog.cz\/biela-zima-farebny-stromcek-vela-priani\/","wordCount":225,"articleBody":"U\u017e m\u00e1te upe\u010den\u00e9 pern\u00ed\u010dky a\u00a0nak\u00fapen\u00e9 dar\u010deky? Vonia vo va\u0161ej dom\u00e1cnosti \u0161korica a\u00a0v\u00a0krbe prask\u00e1 ohe\u0148? Tak si m\u00f4\u017eete v\u00a0takto pr\u00edjemnom prostred\u00ed za\u010da\u0165 vybera\u0165 novoro\u010denky 2016. Ak\u00e9 ste sa rozhodli posla\u0165 tieto Vianoce? Nech\u00e1te sa unies\u0165 jednoduchos\u0165ou alebo povol\u00edte uzdu fant\u00e1zii? Zo v\u0161etk\u00e9ho najd\u00f4le\u017eitej\u0161ie je, \u017ee ste sa rozhodli pre ob\u00e1lkov\u00fa verziu a\u00a0aspo\u0148 na chv\u00ed\u013eu odlo\u017e\u00edte mobiln\u00e9 telef\u00f3ny a\u00a0po\u010d\u00edta\u010de. Po\u0161lete svojim bl\u00edzkym to najkraj\u0161ie viano\u010dn\u00e9 prianie po\u0161tou. Verte, \u017ee urob\u00edte rados\u0165 o\u00a0mnoho v\u00e4\u010d\u0161iu, ne\u017e cez mobiln\u00fd telef\u00f3n. Ve\u010f v\u00a0tom mno\u017estve sms spr\u00e1v si va\u0161e prianie nemusia ani v\u0161imn\u00fa\u0165.\tTrad\u00edcie sa st\u00e1le dodr\u017euj\u00faNa Vianociach je najkraj\u0161ie pr\u00e1ve to, \u017ee obsahuj\u00fa to\u013eko trad\u00edci\u00ed, \u017ee po\u010das v\u0161etk\u00fdch t\u00fdch sviato\u010dn\u00fdch dn\u00ed je st\u00e1le d\u00f4vod k\u00a0radosti. I\u00a0novoro\u010denky 2016 s\u00fa jednou z\u00a0trad\u00edci\u00ed a\u00a0asi tou najob\u013e\u00fabenej\u0161ou. \u013dudia si radi posielaj\u00fa priania a\u00a0vym\u00fd\u0161\u013eaj\u00fa r\u00f4zne verzie a\u00a0texty. M\u00f4\u017eete v\u00a0nich zazrie\u0165 nostalgiu, rados\u0165, fant\u00e1ziu aj sviato\u010dn\u00fa atmosf\u00e9ru. Bez viano\u010dn\u00fdch prian\u00ed by boli Vianoce ve\u013emi smutn\u00e9.                                                                                                                                                                                                                                                                                                                                                                                        2.5\/5 - (2 votes)        "},{"@context":"https:\/\/schema.org\/","@type":"BreadcrumbList","itemListElement":[{"@type":"ListItem","position":1,"name":"Biela zima, farebn\u00fd strom\u010dek, ve\u013ea prian\u00ed","item":"https:\/\/www.biofrog.cz\/biela-zima-farebny-stromcek-vela-priani\/#breadcrumbitem"}]}]