[{"@context":"https:\/\/schema.org\/","@type":"Article","@id":"https:\/\/www.biofrog.cz\/co-si-myslim-o-politice\/#Article","mainEntityOfPage":"https:\/\/www.biofrog.cz\/co-si-myslim-o-politice\/","headline":"Co si mysl\u00edm o politice","name":"Co si mysl\u00edm o politice","description":"Kolikr\u00e1t jsem u\u017e vid\u011bla v televizi, jak se tam v\u0161ichni politici h\u00e1dali. Co na tom lidi m\u016f\u017ee zaj\u00edmat? Ale pak jsem si \u0159ekla, \u017ee t\u0159eba lidi zaj\u00edm\u00e1 to, jak se politici v politice h\u00e1daj\u00ed. Zaj\u00edm\u00e1 v\u00e1s politika? A pro\u010d se o politiku zaj\u00edm\u00e1te? J\u00e1 se mus\u00edm p\u0159iznat, \u017ee d\u0159\u00edve m\u011b politika v\u016fbec nezaj\u00edmala. Ta za\u010dala &hellip;","datePublished":"2022-08-23","dateModified":"2023-05-07","author":{"@type":"Person","@id":"https:\/\/www.biofrog.cz\/author\/#Person","name":"","url":"https:\/\/www.biofrog.cz\/author\/","identifier":1,"image":{"@type":"ImageObject","@id":"https:\/\/secure.gravatar.com\/avatar\/f5ad5dcd5c02ecc0fdaf1fe4b2e9a39ad5c5cc2b614885090f6f77b1ccabb3a9?s=96&d=mm&r=g","url":"https:\/\/secure.gravatar.com\/avatar\/f5ad5dcd5c02ecc0fdaf1fe4b2e9a39ad5c5cc2b614885090f6f77b1ccabb3a9?s=96&d=mm&r=g","height":96,"width":96}},"publisher":{"@type":"Organization","name":"biofrog.cz","logo":{"@type":"ImageObject","@id":"\/logo.png","url":"\/logo.png","width":600,"height":60}},"image":{"@type":"ImageObject","@id":"https:\/\/www.biofrog.cz\/wp-content\/uploads\/bundestag-2463236_960_720.jpg","url":"https:\/\/www.biofrog.cz\/wp-content\/uploads\/bundestag-2463236_960_720.jpg","height":0,"width":0},"url":"https:\/\/www.biofrog.cz\/co-si-myslim-o-politice\/","about":["Politika"],"wordCount":418,"articleBody":"Kolikr\u00e1t jsem u\u017e vid\u011bla v televizi, jak se tam v\u0161ichni politici h\u00e1dali. Co na tom lidi m\u016f\u017ee zaj\u00edmat? Ale pak jsem si \u0159ekla, \u017ee t\u0159eba lidi zaj\u00edm\u00e1 to, jak se politici v politice h\u00e1daj\u00ed. Zaj\u00edm\u00e1 v\u00e1s politika? A pro\u010d se o politiku zaj\u00edm\u00e1te? J\u00e1 se mus\u00edm p\u0159iznat, \u017ee d\u0159\u00edve m\u011b politika v\u016fbec nezaj\u00edmala. Ta za\u010dala m\u011b zaj\u00edmat a\u017e kdy\u017e jsem za\u010dala chodit na st\u0159edn\u00ed \u0161kolu. Proto\u017ee on tam byl jeden u\u010ditel, kter\u00fd m\u011bl r\u00e1d politiku, ale jenom kv\u016fli tomu, \u017ee si z t\u00e9 politiky d\u011blal srandu. M\u016fj u\u010ditel \u0159\u00edkal, \u017ee politika je docela vtipn\u00e1 a \u017ee kdyby\u00a0si z n\u00ed \u010dlov\u011bk ned\u011blal srandu, tak by mu politika asi p\u0159erostla p\u0159es hlavu. A j\u00e1 s n\u00edm mus\u00edm souhlasit. Kdy\u017e jsem si potom zjistila n\u011bkolik informac\u00edch, jak to chod\u00ed v politice, tak jsem se musela sm\u00e1t. N\u011bkdy jsem se a\u017e divila a nemohla jsem v\u011b\u0159it tomu, \u017ee tohle v\u016fbec politika dok\u00e1\u017ee. Pro\u010d se po\u0159\u00e1d v politice n\u011bkdo h\u00e1d\u00e1? Podle m\u011b jsou v politice hlavn\u011b z\u00e1\u0161kodn\u00edci. Nicm\u00e9n\u011b ale potom, kdy\u017e jsem tohle \u0159ekla moj\u00ed mamince, tak jenom kroutila hlavou. Proto\u017ee moje maminka v\u016fbec nev\u011bd\u011bla, \u017ee v politice ne tohle v\u0161echno d\u011bje.Ona si myslela, \u017ee v politice se politici zaj\u00edmaj\u00ed pouze o dobro na\u0161\u00ed zem\u011b. Jak moje maminka byla naivn\u00ed! A taky jsem si \u0159ekla, \u017ee kdybych se anga\u017eovala j\u00e1 do politiky, tak by to asi bylo \u00fapln\u011b jin\u00e9. Proto\u017ee j\u00e1 nem\u00e1m r\u00e1da, kdy\u017e se n\u011bkomu k\u0159ivd\u00ed. V\u016fbec bych se necht\u011bla ani v politice h\u00e1dat. V\u011b\u0159te, ne\u017e bych se h\u00e1dala, tak bych rad\u011bji z politiky ode\u0161la. J\u00e1 nem\u00e1m r\u00e1da h\u00e1dky obecn\u011b. A nato\u017e abych se h\u00e1dala v politice, kde by to ani nem\u011blo cenu. Mysl\u00edte si, \u017ee je politika zkorumpovan\u00e1? J\u00e1 si mysl\u00edm, \u017ee v n\u011bkter\u00fdch v\u011bcech mo\u017en\u00e1 ano, v\u016fbec ale si nemysl\u00edm, \u017ee by politick\u00e9 d\u011bn\u00ed bylo na sto procent \u010dist\u00e9 a bez viny. Mysl\u00edm si, \u017ee nikdo nen\u00ed bez viny, nato\u017e politika, tak\u017ee by si m\u011bl ka\u017ed\u00fd politik, ale taky \u010dlov\u011bk d\u00e1t ruku na srdce, jak se chov\u00e1.                                                                                                                                                                                                                                                                                                                                                                                        3.7\/5 - (4 votes)        "},{"@context":"https:\/\/schema.org\/","@type":"BreadcrumbList","itemListElement":[{"@type":"ListItem","position":1,"name":"Co si mysl\u00edm o politice","item":"https:\/\/www.biofrog.cz\/co-si-myslim-o-politice\/#breadcrumbitem"}]}]