[{"@context":"https:\/\/schema.org\/","@type":"Article","@id":"https:\/\/www.biofrog.cz\/designer-pro-vas\/#Article","mainEntityOfPage":"https:\/\/www.biofrog.cz\/designer-pro-vas\/","headline":"Design\u00e9r pro v\u00e1s","name":"Design\u00e9r pro v\u00e1s","description":"Tak\u00e9 pat\u0159\u00edte k t\u011bm lidem, kte\u0159\u00ed cht\u011bj\u00ed m\u00edt opravdu kr\u00e1sn\u00fd a p\u0159\u00edjemn\u00fd interi\u00e9r? Pokud ano, tak samoz\u0159ejm\u011b, \u017ee na internetu najdete i r\u016fzn\u00e9 typy a odkazy a nebo fotogalerie, kde uvid\u00edte opravdu kr\u00e1sn\u00e9 typy a druhy interi\u00e9r\u016f. A proto\u017ee bydl\u00edm v Praze a zrovna se s partnerem st\u011bhujeme do velik\u00e9ho na\u0161eho nov\u00e9ho vlastn\u00edho bytu, tak &hellip;","datePublished":"2025-06-16","dateModified":"2025-06-16","author":{"@type":"Person","@id":"https:\/\/www.biofrog.cz\/author\/#Person","name":"","url":"https:\/\/www.biofrog.cz\/author\/","identifier":1,"image":{"@type":"ImageObject","@id":"https:\/\/secure.gravatar.com\/avatar\/f5ad5dcd5c02ecc0fdaf1fe4b2e9a39ad5c5cc2b614885090f6f77b1ccabb3a9?s=96&d=mm&r=g","url":"https:\/\/secure.gravatar.com\/avatar\/f5ad5dcd5c02ecc0fdaf1fe4b2e9a39ad5c5cc2b614885090f6f77b1ccabb3a9?s=96&d=mm&r=g","height":96,"width":96}},"publisher":{"@type":"Organization","name":"biofrog.cz","logo":{"@type":"ImageObject","@id":"\/logo.png","url":"\/logo.png","width":600,"height":60}},"image":{"@type":"ImageObject","@id":"https:\/\/www.biofrog.cz\/wp-content\/uploads\/office-interior-designer-8204029_640.jpg","url":"https:\/\/www.biofrog.cz\/wp-content\/uploads\/office-interior-designer-8204029_640.jpg","height":0,"width":0},"url":"https:\/\/www.biofrog.cz\/designer-pro-vas\/","about":["Byt"],"wordCount":436,"articleBody":"        Tak\u00e9 pat\u0159\u00edte k t\u011bm lidem, kte\u0159\u00ed cht\u011bj\u00ed m\u00edt opravdu kr\u00e1sn\u00fd a p\u0159\u00edjemn\u00fd interi\u00e9r? Pokud ano, tak samoz\u0159ejm\u011b, \u017ee na internetu najdete i r\u016fzn\u00e9 typy a odkazy a nebo fotogalerie, kde uvid\u00edte opravdu kr\u00e1sn\u00e9 typy a druhy interi\u00e9r\u016f. A proto\u017ee bydl\u00edm v Praze a zrovna se s partnerem st\u011bhujeme do velik\u00e9ho na\u0161eho nov\u00e9ho vlastn\u00edho bytu, tak jsme tak\u00e9 cht\u011bli n\u011bjak\u00e9ho architekta nebo interi\u00e9rov\u00e9ho design\u00e9ra z Prahy. Interi\u00e9rov\u00fd design\u00e9r z Prahy je opravdu kvalitn\u00ed a tak\u00e9 hlavn\u011b \u017e\u00e1dan\u00fd a tady pr\u00e1v\u011b vid\u00edm d\u016fvod a d\u016fkaz, \u017ee kdy\u017e je n\u011bkdo opravdu hodn\u011b \u017e\u00e1dan\u00fd a nebo je kvalitn\u00ed a tak\u00e9 roz\u0161\u00ed\u0159en\u00fd svou kvalitou, tak tak\u00e9 bude opravdu \u0161ikovn\u00fd a \u0161pi\u010dkov\u00fd.M\u00e1m r\u00e1da, kdy\u017e interi\u00e9rov\u00fd design\u00e9r z Prahy ke mn\u011b v\u017edycky p\u0159ijede, v\u0161echno zkontroluje a na v\u0161echno se po\u0159\u00e1dn\u011b pod\u00edv\u00e1, aby tak\u00e9 vid\u011bl, co m\u00e1 ud\u011blat a nebo tak\u00e9 se m\u011b zept\u00e1, co bych tak cht\u011bla m\u00edt doma ud\u011blan\u00e9, t\u0159eba do jak\u00e9ho odst\u00ednu to chci m\u00edt ud\u011blan\u00e9 a nebo jak\u00fd typ druh n\u00e1bytku chci, jestli chci n\u011bjak\u00fd retro nebo n\u011bjak\u00fd starod\u00e1vn\u00fd a nebo \u00fapln\u011b nov\u00fd. A nyn\u00ed si vemte, kdybyste t\u0159eba ned\u011blali \u00fapln\u011b nov\u00fd interi\u00e9r, t\u0159eba kdybyste si za\u0159izovali \u00fapln\u011b nov\u011b byt a nebo d\u016fm, tak co by se tam cht\u011bli? Ud\u011blali byste si to sami a nebo byste zvolili n\u011bjak\u00e9ho architekta nebo interi\u00e9rov\u00e9ho design\u00e9ra z Prahy?Stejn\u011b tak jako j\u00e1? Pokud ano, tak v\u00e1m tlesk\u00e1m a v\u016fbec se v\u00e1m nediv\u00edm. Samoz\u0159ejm\u011b, \u017ee mnoho lid\u00ed t\u0159eba interi\u00e9rov\u00e9 design\u00e9ry z Prahy a nebo odkudkoliv nechce, \u017ee pr\u00fd si mysl\u00ed, \u017ee interi\u00e9rov\u00fd design\u00e9\u0159i nebo architekti budou opravdu hodn\u011b draz\u00ed. Tohle samoz\u0159ejm\u011b nen\u00ed v\u016fbec \u017e\u00e1dn\u00e1 pravda, u n\u00e1s interi\u00e9rov\u00fd design\u00e9r z Prahy byl u\u017e n\u011bkolikr\u00e1t a sama jsem si myslela, \u017ee v budu platit snad trojn\u00e1sobek ceny, ne\u017e kterou interi\u00e9rov\u00fd design\u00e9r z Prahy cht\u011bl, tak\u017ee jsem byla opravdu hodn\u011b r\u00e1da, \u017ee jsem sehnala tak opravdu \u0161ikovn\u00e9ho a levn\u00e9ho interi\u00e9rov\u00e9ho design\u00e9ra z Prahy opravdu nemus\u00edte m\u00edt \u017e\u00e1dn\u00e9 obavy. A pokud v\u00e1s t\u0159eba zaj\u00edm\u00e1 jeho kvalita, tak v\u00e1m \u0159eknu, \u017ee m\u016fj interi\u00e9r ud\u011blal opravdu perfektn\u00ed.                                                                                                                                                                                                                                                                                                                                                                                           3.8\/5 - (6 votes)        "},{"@context":"https:\/\/schema.org\/","@type":"BreadcrumbList","itemListElement":[{"@type":"ListItem","position":1,"name":"Design\u00e9r pro v\u00e1s","item":"https:\/\/www.biofrog.cz\/designer-pro-vas\/#breadcrumbitem"}]}]