[{"@context":"https:\/\/schema.org\/","@type":"Article","@id":"https:\/\/www.biofrog.cz\/hovory-o-politice\/#Article","mainEntityOfPage":"https:\/\/www.biofrog.cz\/hovory-o-politice\/","headline":"Hovory o politice","name":"Hovory o politice","description":"Politick\u00e9 debaty jsou n\u011bkdy opravdu hodn\u011b kontroverzn\u00ed. M\u016fj otec \u0159\u00edk\u00e1, \u017ee z\u00e1liba v politice je skoro jako d\u011bti, kdy\u017e maj\u00ed r\u00e1di cirkus. Podle m\u00e9ho n\u00e1zoru je to jenom tak, z p\u016flky je pravda. Proto\u017ee kdyby cirkus byl jako politika nebo politika jako cirkus, tak by to bylo opravdu jako gul\u00e1\u0161. Nikdo by se v tom &hellip;","datePublished":"2024-07-28","dateModified":"2024-07-28","author":{"@type":"Person","@id":"https:\/\/www.biofrog.cz\/author\/#Person","name":"","url":"https:\/\/www.biofrog.cz\/author\/","identifier":1,"image":{"@type":"ImageObject","@id":"https:\/\/secure.gravatar.com\/avatar\/f5ad5dcd5c02ecc0fdaf1fe4b2e9a39ad5c5cc2b614885090f6f77b1ccabb3a9?s=96&d=mm&r=g","url":"https:\/\/secure.gravatar.com\/avatar\/f5ad5dcd5c02ecc0fdaf1fe4b2e9a39ad5c5cc2b614885090f6f77b1ccabb3a9?s=96&d=mm&r=g","height":96,"width":96}},"publisher":{"@type":"Organization","name":"biofrog.cz","logo":{"@type":"ImageObject","@id":"\/logo.png","url":"\/logo.png","width":600,"height":60}},"image":{"@type":"ImageObject","@id":"https:\/\/www.biofrog.cz\/wp-content\/uploads\/woman-7483483_1280.jpg","url":"https:\/\/www.biofrog.cz\/wp-content\/uploads\/woman-7483483_1280.jpg","height":0,"width":0},"url":"https:\/\/www.biofrog.cz\/hovory-o-politice\/","about":["Politika"],"wordCount":403,"articleBody":"Politick\u00e9 debaty jsou n\u011bkdy opravdu hodn\u011b kontroverzn\u00ed. M\u016fj otec \u0159\u00edk\u00e1, \u017ee z\u00e1liba v politice je skoro jako d\u011bti, kdy\u017e maj\u00ed r\u00e1di cirkus. Podle m\u00e9ho n\u00e1zoru je to jenom tak, z p\u016flky je pravda. Proto\u017ee kdyby cirkus byl jako politika nebo politika jako cirkus, tak by to bylo opravdu jako gul\u00e1\u0161. Nikdo by se v tom asi nevyznal. J\u00e1 sama jsem si \u0159ekla, \u017ee bych se ne s mnoha lidmi\u00a0bavila p\u0159\u00edmo o politice. Proto\u017ee je politika je opravdu kontroverzn\u00ed, jak jsem ji\u017e zm\u00ednila. A n\u011bkdo politikou p\u0159\u00edmo \u017eije? Kdy\u017e t\u0159eba n\u011bkdo bude m\u00edt \u00fapln\u011b jinou politickou stranu obl\u00edbenou, tak ten dal\u0161\u00ed \u010dlov\u011bk toho m\u00edt obl\u00edben\u00e9 nemus\u00ed.A potom to tak\u00e9 dopad\u00e1 tak, \u017ee lid\u00e9 se h\u00e1daj\u00ed, h\u00e1daj\u00ed se jenom kv\u016fli tomu, \u017ee ka\u017ed\u00fd m\u00e1 n\u00e1zor na jinou politickou stranu. Lid\u00e9 samoz\u0159ejm\u011b m\u00edvaj\u00ed odli\u0161n\u00e9 n\u00e1zory. A kdy\u017e u\u017e tady p\u00ed\u0161i o politice a vy to \u010dtete, tak se v\u00e1s zept\u00e1m. Vy se tak\u00e9 zaj\u00edm\u00e1te o politiku? Bav\u00ed v\u00e1s politika? J\u00e1 v\u00edm, \u017ee hlavn\u011b dosp\u011bl\u00ed lid\u00e9 se zaj\u00edmaj\u00ed o politiku. Teenage\u0159i anebo mal\u00e9 d\u011bti t\u00e9m\u011b\u0159 ne. Ale j\u00e1 jako mal\u00e1 holka jsem st\u00e1le sledovala po\u0159ady, na kter\u00e9 se d\u00edvala moje maminka s otcem. Na takov\u00e9 politick\u00e9 po\u0159ady se d\u00edvala i moje babi\u010dka i m\u016fj d\u011bde\u010dek. Dokonce i moje prababi\u010dka. A tak\u00e9 nikdy nezapomenu, jak se v\u0161ichni dohadovali. Dohadovali se v\u0161ichni jenom kv\u016fli politice. T\u0159eba, kdy\u017e n\u011bkomu n\u011bco nesedlo politick\u00e9ho, tak se t\u0159eba h\u00e1dali i n\u011bkolik hodin. A t\u0159eba potom tak\u00e9 n\u011bkolik dn\u00ed spolu v\u016fbec nemluvili. Nikdy jsem tohle nepochopila. Jak se rodina m\u016f\u017ee poh\u00e1dat a rozh\u00e1dat jenom kv\u016fli politice? Vlastn\u011b kv\u016fli ciz\u00edm lidem. Proto\u017ee vlastn\u011b kdyby v t\u00e9 se neh\u00e1dali kv\u016fli politice, tak by to bylo skv\u011bl\u00e9. J\u00e1 toti\u017e od t\u00e9 doby nem\u00e1m r\u00e1da politiku. Ale m\u016fj partner se o politice bav\u00ed r\u00e1d. \u0158ekla jsem mu a vysv\u011btlila, pro\u010d j\u00e1 politiku r\u00e1da nem\u00e1m. Mysl\u00edm, \u017ee je ale opravdu dost lid\u00ed, kte\u0159\u00ed by se mnou jist\u011b souhlasili. Nen\u00ed politika jako politika.\u00a0                                                                                                                                                                                                                                                                                                                                                                                        3.8\/5 - (9 votes)        "},{"@context":"https:\/\/schema.org\/","@type":"BreadcrumbList","itemListElement":[{"@type":"ListItem","position":1,"name":"Hovory o politice","item":"https:\/\/www.biofrog.cz\/hovory-o-politice\/#breadcrumbitem"}]}]