[{"@context":"https:\/\/schema.org\/","@type":"Article","@id":"https:\/\/www.biofrog.cz\/prirody-si-musime-vazit\/#Article","mainEntityOfPage":"https:\/\/www.biofrog.cz\/prirody-si-musime-vazit\/","headline":"P\u0159\u00edrody si mus\u00edme v\u00e1\u017eit","name":"P\u0159\u00edrody si mus\u00edme v\u00e1\u017eit","description":"P\u0159\u00edrody jako takov\u00e9 si mus\u00edme v\u00e1\u017eit, bez p\u0159\u00edrody bychom zde dlouho nevydr\u017eeli. Ob\u010das na to velmi zapom\u00edn\u00e1me, a proto bychom m\u011bli m\u00edt na pam\u011bti, \u017ee k tomu kladn\u00e9mu vztahu bychom m\u011bli v\u00e9st d\u011bti ji\u017e od mali\u010dka. V dne\u0161n\u00ed dob\u011b nen\u00ed mnoho maminek, kter\u00e9 si z finan\u010dn\u00edch d\u016fvod\u016f m\u016f\u017eou dovolit z\u016fstat s d\u00edt\u011btem doma i po &hellip;","datePublished":"2025-02-19","dateModified":"2025-02-19","author":{"@type":"Person","@id":"https:\/\/www.biofrog.cz\/author\/#Person","name":"","url":"https:\/\/www.biofrog.cz\/author\/","identifier":1,"image":{"@type":"ImageObject","@id":"https:\/\/secure.gravatar.com\/avatar\/f5ad5dcd5c02ecc0fdaf1fe4b2e9a39ad5c5cc2b614885090f6f77b1ccabb3a9?s=96&d=mm&r=g","url":"https:\/\/secure.gravatar.com\/avatar\/f5ad5dcd5c02ecc0fdaf1fe4b2e9a39ad5c5cc2b614885090f6f77b1ccabb3a9?s=96&d=mm&r=g","height":96,"width":96}},"publisher":{"@type":"Organization","name":"biofrog.cz","logo":{"@type":"ImageObject","@id":"\/logo.png","url":"\/logo.png","width":600,"height":60}},"url":"https:\/\/www.biofrog.cz\/prirody-si-musime-vazit\/","wordCount":188,"articleBody":"P\u0159\u00edrody jako takov\u00e9 si mus\u00edme v\u00e1\u017eit, bez p\u0159\u00edrody bychom zde dlouho nevydr\u017eeli. Ob\u010das na to velmi zapom\u00edn\u00e1me, a proto bychom m\u011bli m\u00edt na pam\u011bti, \u017ee k tomu kladn\u00e9mu vztahu bychom m\u011bli v\u00e9st d\u011bti ji\u017e od mali\u010dka. V dne\u0161n\u00ed dob\u011b nen\u00ed mnoho maminek, kter\u00e9 si z finan\u010dn\u00edch d\u016fvod\u016f m\u016f\u017eou dovolit z\u016fstat s d\u00edt\u011btem doma i po jeho t\u0159et\u00edm roku v\u011bku. Pak zji\u0161\u0165ujeme, jak m\u00e1lo se d\u011btem v\u011bnujeme, jak m\u00e1lo jim v\u0161t\u011bpujeme z\u00e1klady kvalitn\u00ed v\u00fdchovy. Proto je podstatn\u00e9 nal\u00e9zt takov\u00fd letn\u00ed t\u00e1bor, kde se o va\u0161e d\u00edt\u011b postaraj\u00ed s plnou p\u00e9\u010d\u00ed. Takov\u00e9to akce tedy nezavrhujte, ale naopak vyzkou\u0161ejte, m\u00e1 toti\u017e sv\u00e9 siln\u00e9 kladn\u00e9 str\u00e1nky.Vztah k ekologii a p\u0159\u00edrod\u011bVztah k ekologii a p\u0159\u00edrod\u011b by m\u011bl b\u00fdt u programu klasick\u00e9ho star\u00e9ho \u201epion\u00fdr\u00e1ku\u201c na prvn\u00edm m\u00edst\u011b. N\u00e1\u0161 letn\u00ed t\u00e1bor tomu odpov\u00edd\u00e1 a dodr\u017euje.                                                                                                                                                                                                                                                                                                                                                                                        5\/5 - (1 vote)        "},{"@context":"https:\/\/schema.org\/","@type":"BreadcrumbList","itemListElement":[{"@type":"ListItem","position":1,"name":"P\u0159\u00edrody si mus\u00edme v\u00e1\u017eit","item":"https:\/\/www.biofrog.cz\/prirody-si-musime-vazit\/#breadcrumbitem"}]}]