[{"@context":"https:\/\/schema.org\/","@type":"Article","@id":"https:\/\/www.biofrog.cz\/prirozenost-nebo-umelost\/#Article","mainEntityOfPage":"https:\/\/www.biofrog.cz\/prirozenost-nebo-umelost\/","headline":"P\u0159irozenost nebo um\u011blost","name":"P\u0159irozenost nebo um\u011blost","description":"Kdybych m\u011bla b\u00fdt v t\u00e9to dob\u011b kluk a m\u011bla bych si vybrat svou \u017eivotn\u00ed l\u00e1sku \u017eenu, nev\u00edm, zda bych si vybrala. Na ot\u00e1zku pro\u010d je odpov\u011b\u010f velmi jednoduch\u00e1. M\u00e1me tu toti\u017e dva extr\u00e9my d\u00edvek. Kdy\u017e se pod\u00edv\u00e1m na tu jednu skupinu d\u00edvek, tak vid\u00edm vysok\u00e9ho ka\u010dera Donalda s parukou nebo p\u0159id\u011blan\u00fdmi vlasy, n\u011bkdy vid\u00edm i &hellip;","datePublished":"2022-04-23","dateModified":"2023-05-07","author":{"@type":"Person","@id":"https:\/\/www.biofrog.cz\/author\/#Person","name":"","url":"https:\/\/www.biofrog.cz\/author\/","identifier":1,"image":{"@type":"ImageObject","@id":"https:\/\/secure.gravatar.com\/avatar\/f5ad5dcd5c02ecc0fdaf1fe4b2e9a39ad5c5cc2b614885090f6f77b1ccabb3a9?s=96&d=mm&r=g","url":"https:\/\/secure.gravatar.com\/avatar\/f5ad5dcd5c02ecc0fdaf1fe4b2e9a39ad5c5cc2b614885090f6f77b1ccabb3a9?s=96&d=mm&r=g","height":96,"width":96}},"publisher":{"@type":"Organization","name":"biofrog.cz","logo":{"@type":"ImageObject","@id":"\/logo.png","url":"\/logo.png","width":600,"height":60}},"image":{"@type":"ImageObject","@id":"https:\/\/www.biofrog.cz\/wp-content\/uploads\/p%C5%99irozenost.jpg","url":"https:\/\/www.biofrog.cz\/wp-content\/uploads\/p%C5%99irozenost.jpg","height":0,"width":0},"url":"https:\/\/www.biofrog.cz\/prirozenost-nebo-umelost\/","about":["Spole\u010dnost"],"wordCount":420,"articleBody":"Kdybych m\u011bla b\u00fdt v t\u00e9to dob\u011b kluk a m\u011bla bych si vybrat svou \u017eivotn\u00ed l\u00e1sku \u017eenu, nev\u00edm, zda bych si vybrala. Na ot\u00e1zku pro\u010d je odpov\u011b\u010f velmi jednoduch\u00e1. M\u00e1me tu toti\u017e dva extr\u00e9my d\u00edvek. Kdy\u017e se pod\u00edv\u00e1m na tu jednu skupinu d\u00edvek, tak vid\u00edm vysok\u00e9ho ka\u010dera Donalda s parukou nebo p\u0159id\u011blan\u00fdmi vlasy, n\u011bkdy vid\u00edm i nezvykle zbarven\u00e9 o\u010di. Ano, budou to \u010do\u010dky. Tak\u017ee kdy\u017e se holce pod\u00edv\u00e1m do o\u010d\u00ed, tak se vlastn\u011b ned\u00edv\u00e1m do jej\u00ed du\u0161e, ale zkoum\u00e1m strukturu \u010do\u010dek. Druh\u00e1 skupina d\u00edvek jsou l\u00edn\u00e9 d\u00edvky s depresemi, zka\u017een\u00e9 \u017eivotem, kter\u00e9 se p\u0159ej\u00eddaj\u00ed a pak nemohou ani chodit a vykon\u00e1vat b\u011b\u017en\u00e9 v\u011bci, dokonce i sv\u00e9 fyziologick\u00e9 pot\u0159eby.R\u00e1da jako kluk bych si na\u0161la holku, kter\u00e1 nezapad\u00e1 ani do jedn\u00e9 skupiny d\u00edvek, ale na\u0161la bych si n\u011bjakou, kter\u00e1 je sv\u00e1 a nen\u00ed vyum\u011blkovan\u00e1 anebo nos\u00ed 200 kg. Dnes p\u0159i soci\u00e1ln\u00edch s\u00edt\u00edch m\u00e1 skoro ka\u017ed\u00e1 \u017eena komplexy z toho, jak vypad\u00e1. \u017dena nebo d\u00edvka, kter\u00e1 pr\u00e1v\u011b nepat\u0159\u00ed mezi vyum\u011blkovan\u00e9 barb\u00edny si o sob\u011b mysl\u00ed, \u017ee nen\u00ed dost kr\u00e1sn\u00e1, a proto za\u010dne vym\u00fd\u0161let, jak si ,,zlep\u0161it\u201c sv\u00e9 t\u011blo a vypadat jako ty \u017eeny na t\u011bch soci\u00e1ln\u00edch s\u00edt\u00edch.\u00a0Kdy\u017e se pod\u00edv\u00e1te na dne\u0161n\u00ed d\u00edvky, tak nem\u00e1te z \u010deho vyb\u00edrat, proto\u017ee v\u0161echny jsou stejn\u00e9, jsou na jedno brdo. Dlouh\u00e9 sto\u010den\u00e9 p\u0159id\u011blan\u00e9 vlasy, bu\u010f \u00fapln\u011b sv\u011btle blond anebo \u00fapln\u011b tmav\u00e9 vlasy.T\u011blo vychrtl\u00e9, u kter\u00e9ho se zd\u00e1, \u017ee trp\u00ed n\u011bjakou nemoc\u00ed p\u0159ipom\u00ednaj\u00edc\u00ed anorexii anebo bul\u00edmii, nafoukan\u00e9 prsa, zadek, rty, ud\u011blan\u00e9 nep\u0159irozen\u011b b\u00edl\u00e9 zuby. Nejhor\u0161\u00ed je, \u017ee pak norm\u00e1ln\u00ed d\u00edvky maj\u00ed deprese z toho, \u017ee si p\u0159ipadaj\u00ed \u0161kared\u00e9 a neum\u00ed ocenit svou p\u0159irozenou kr\u00e1su. Vy jste pro ka\u010dera Donalda anebo pro \u017eenskou p\u0159irozenou kr\u00e1su? Chlapi, vezm\u011bte tento probl\u00e9m do sv\u00fdch rukou a uka\u017ete p\u0159irozen\u00fdm \u017een\u00e1m, \u017ee jsou to nejdra\u017e\u0161\u00ed na cel\u00e9m sv\u011bt\u011b. Zastavte tento um\u011bl\u00fd sv\u011bt, kter\u00fd se tv\u00e1\u0159\u00ed b\u00fdt dokonal\u00fd a nen\u00ed to pouze o kr\u00e1se \u017een, ale hraj\u00ed tam roli i dal\u0161\u00ed v\u011bci\u2026                                                                                                                                                                                                                                                                                                                                                                                        4.1\/5 - (12 votes)        "},{"@context":"https:\/\/schema.org\/","@type":"BreadcrumbList","itemListElement":[{"@type":"ListItem","position":1,"name":"P\u0159irozenost nebo um\u011blost","item":"https:\/\/www.biofrog.cz\/prirozenost-nebo-umelost\/#breadcrumbitem"}]}]